{"id":9490,"date":"2026-09-05T12:35:37","date_gmt":"2026-09-05T10:35:37","guid":{"rendered":"https:\/\/www.abiprofessional.it\/?p=9490"},"modified":"2026-09-05T12:35:40","modified_gmt":"2026-09-05T10:35:40","slug":"a-23-anni-gli-affidano-il-bancone-la-crescita-del-barman-christian-pomponio","status":"publish","type":"post","link":"https:\/\/www.abiprofessional.it\/index.php\/2026\/09\/05\/a-23-anni-gli-affidano-il-bancone-la-crescita-del-barman-christian-pomponio\/","title":{"rendered":"A 23 anni gli affidano il bancone: la crescita del barman Christian Pomponio"},"content":{"rendered":"<p>A 23 anni Christian Pomponio ha gi\u00e0 trovato nel bar il suo spazio: dalla scuola alle prime esperienze, fino al New Orsa Maggiore, racconta crescita, responsabilit\u00e0 e il cocktail che parla della sua terra:<strong> l&#8217;Abruzzo<\/strong><\/p>\n<p>A\u00a0 23 anni \u00e8 presto per sapere fin dove lo porter\u00e0 questa professione. <strong>Christian Pomponio<\/strong>, per\u00f2, una certezza l\u2019ha gi\u00e0 trovata: il\u00a0<strong>mondo del bar<\/strong>\u00a0gli appartiene sempre di pi\u00f9. Christian \u00e8 nato a Pescara e proprio nella sua citt\u00e0 ha frequentato l&#8217;<strong>Istituto Professionale di Stato per i Servizi per l&#8217;Enogastronomia e l&#8217;Ospitalit\u00e0 Alberghiera \u201cF. De Cecco\u201d<\/strong>, indirizzo\u00a0<strong>Sala e Vendita<\/strong>. \u00c8 durante gli anni della scuola, soprattutto nelle esercitazioni di laboratorio, che ha iniziato a scoprire il fascino del\u00a0<strong>bar<\/strong>.<\/p>\n<p>Dopo la scuola sono arrivate le prime esperienze:\u00a0<strong>Ippo Beach 1, Feluma Bistrot, Peter\u2019s Bar<\/strong>\u00a0e, oggi, il\u00a0<strong>New Orsa Maggiore Sud<\/strong>, dove lavora come\u00a0<strong>barista per KM431<\/strong>. Il\u00a0<strong>New Orsa Maggiore Sud<\/strong>\u00a0si affaccia sul lungomare di Pescara e fa parte della realt\u00e0\u00a0<strong>Assaggeria_KM431<\/strong>, che mette al centro la\u00a0<strong>cucina abruzzese<\/strong>\u00a0e i suoi prodotti per raccontare il territorio attraverso il cibo e l\u2019accoglienza.<\/p>\n<h2 id=\"s1\">Mixology e responsabilit\u00e0: come cresce un giovane barista<\/h2>\n<div>\n<p>Anche il bar segue questa filosofia, guardando per\u00f2 a un mondo pi\u00f9 ampio, quello della\u00a0<strong>mixology<\/strong>\u00a0e delle\u00a0<strong>tecniche internazionali<\/strong>. \u00c8 un ambiente nel quale Christian sta trovando spazio per imparare, confrontarsi e assumersi nuove responsabilit\u00e0. Forse \u00e8 proprio questa la parola che descrive meglio il suo percorso:\u00a0<strong>crescita<\/strong>.<\/p>\n<p><img fetchpriority=\"high\" decoding=\"async\" class=\"size-medium wp-image-9492 alignleft\" src=\"https:\/\/www.abiprofessional.it\/wp-content\/uploads\/2026\/09\/christian_shaker_300dpi_1-300x300.jpg\" alt=\"\" width=\"300\" height=\"300\" srcset=\"https:\/\/www.abiprofessional.it\/wp-content\/uploads\/2026\/09\/christian_shaker_300dpi_1-300x300.jpg 300w, https:\/\/www.abiprofessional.it\/wp-content\/uploads\/2026\/09\/christian_shaker_300dpi_1-1020x1024.jpg 1020w, https:\/\/www.abiprofessional.it\/wp-content\/uploads\/2026\/09\/christian_shaker_300dpi_1-150x150.jpg 150w, https:\/\/www.abiprofessional.it\/wp-content\/uploads\/2026\/09\/christian_shaker_300dpi_1-768x771.jpg 768w, https:\/\/www.abiprofessional.it\/wp-content\/uploads\/2026\/09\/christian_shaker_300dpi_1-1531x1536.jpg 1531w, https:\/\/www.abiprofessional.it\/wp-content\/uploads\/2026\/09\/christian_shaker_300dpi_1-2041x2048.jpg 2041w, https:\/\/www.abiprofessional.it\/wp-content\/uploads\/2026\/09\/christian_shaker_300dpi_1-60x60.jpg 60w, https:\/\/www.abiprofessional.it\/wp-content\/uploads\/2026\/09\/christian_shaker_300dpi_1-600x602.jpg 600w, https:\/\/www.abiprofessional.it\/wp-content\/uploads\/2026\/09\/christian_shaker_300dpi_1-100x100.jpg 100w\" sizes=\"(max-width: 300px) 100vw, 300px\" \/><\/p>\n<div class=\"txt a-up on\">\n<div>\n<h2 id=\"s2\">Dalla scuola al bancone: le esperienze che hanno formato Christian<\/h2>\n<\/div>\n<\/div>\n<div class=\"qa a-up d1 on\">\n<div class=\"qa-q\">\n<div class=\"qa-question\">Christian, quando hai capito che il mondo del bar poteva essere la tua strada?<\/div>\n<\/div>\n<div class=\"qa-a\">\n<div class=\"qa-answer\">\n<p><em>In realt\u00e0 \u00e8 successo durante gli anni della scuola. Le\u00a0<\/em><strong><em>esercitazioni in laboratorio<\/em><\/strong><em>\u00a0e le attivit\u00e0 scolastiche mi hanno fatto conoscere pi\u00f9 da vicino questo mondo e ho capito che questa professione mi affascinava. Mi piaceva lavorare a contatto con le persone, mettere in pratica quello che imparavo e, soprattutto, sapere che c&#8217;era sempre qualcosa di nuovo da scoprire<\/em><\/p>\n<\/div>\n<\/div>\n<\/div>\n<div class=\"qa a-up d2 on\">\n<div class=\"qa-q\">\n<div class=\"qa-question\">Qual \u00e8 stata finora l&#8217;esperienza pi\u00f9 importante per la tua crescita professionale?<\/div>\n<\/div>\n<div class=\"qa-a\">\n<div class=\"qa-answer\">\n<p><em>Tutte le esperienze che ho fatto sono state importanti e ognuna mi ha lasciato qualcosa. Se per\u00f2 devo sceglierne una, direi sicuramente il\u00a0<\/em><strong><em>New Orsa Maggiore<\/em><\/strong><em>. Qui ho avuto la possibilit\u00e0 di imparare e di confrontarmi con persone pi\u00f9 esperte di me. La propriet\u00e0 ha anche deciso di affidarmi alcuni compiti di\u00a0<\/em><strong><em>responsabilit\u00e0<\/em><\/strong><em>\u00a0e questo mi ha fatto crescere molto. Quando ti viene affidata una responsabilit\u00e0, devi dimostrare di esserne all\u2019altezza. Per me \u00e8 stato un modo importante per mettermi alla prova.<\/em><\/p>\n<\/div>\n<\/div>\n<\/div>\n<div class=\"qa a-up on\">\n<div class=\"qa-q\">\n<div class=\"qa-question\">Nel lavoro, per\u00f2, ci sono anche momenti difficili. Ce n&#8217;\u00e8 stato qualcuno che ti ha insegnato qualcosa?<\/div>\n<\/div>\n<div class=\"qa-a\">\n<div class=\"qa-answer\">\n<p><em>I momenti difficili, sul lavoro, ci sono sempre. Sono una persona molto precisa e attenta ai dettagli. A volte noto aspetti che ad altri possono sfuggire e questo, se non lo gestisci bene, rischia di diventare un limite: ti porta a essere molto esigente. Con il tempo, per\u00f2, e soprattutto grazie alle persone pi\u00f9 esperte con cui ho lavorato, ho imparato a essere pi\u00f9 paziente e pi\u00f9 collaborativo. Ho capito che fare bene il proprio lavoro non basta: bisogna anche saper lavorare bene con gli altri.<\/em><\/p>\n<\/div>\n<\/div>\n<\/div>\n<div class=\"qa a-up d1 on\">\n<div class=\"qa-q\">\n<div class=\"qa-question\">Sei entrato anche nel mondo di Abi Professional. Cosa ti ha colpito maggiormente?<\/div>\n<\/div>\n<div class=\"qa-a\">\n<div class=\"qa-answer\">\n<p><em>Sicuramente il mio coordinatore di sezione,\u00a0<\/em><strong><em>Andrea Piersante<\/em><\/strong><em>. Nonostante la sua giovane et\u00e0 ha assunto questo ruolo e secondo me questo dimostra responsabilit\u00e0 e intraprendenza. Poi mi ha colpito molto lo spirito che ho trovato nella\u00a0<\/em><strong><em>sezione Abruzzo-Molise<\/em><\/strong><em>. C&#8217;\u00e8 voglia di stare insieme, di collaborare e di aiutarsi. Per chi \u00e8 giovane e sta ancora costruendo il proprio percorso professionale, avere intorno persone con cui confrontarsi \u00e8 importante.<\/em><\/p>\n<p><img decoding=\"async\" class=\"alignnone size-medium wp-image-9494 alignright\" src=\"https:\/\/www.abiprofessional.it\/wp-content\/uploads\/2026\/09\/christian_coffy_chock_300dpi-300x181.jpg\" alt=\"\" width=\"300\" height=\"181\" srcset=\"https:\/\/www.abiprofessional.it\/wp-content\/uploads\/2026\/09\/christian_coffy_chock_300dpi-300x181.jpg 300w, https:\/\/www.abiprofessional.it\/wp-content\/uploads\/2026\/09\/christian_coffy_chock_300dpi-1024x616.jpg 1024w, https:\/\/www.abiprofessional.it\/wp-content\/uploads\/2026\/09\/christian_coffy_chock_300dpi-768x462.jpg 768w, https:\/\/www.abiprofessional.it\/wp-content\/uploads\/2026\/09\/christian_coffy_chock_300dpi-1536x925.jpg 1536w, https:\/\/www.abiprofessional.it\/wp-content\/uploads\/2026\/09\/christian_coffy_chock_300dpi-2048x1233.jpg 2048w, https:\/\/www.abiprofessional.it\/wp-content\/uploads\/2026\/09\/christian_coffy_chock_300dpi-600x361.jpg 600w\" sizes=\"(max-width: 300px) 100vw, 300px\" \/><\/p>\n<\/div>\n<\/div>\n<\/div>\n<div class=\"qa a-up d2 on\">\n<div class=\"qa-q\">\n<div class=\"qa-question\">Se per un giorno fossi presidente di Abi Professional, quale sarebbe la prima cosa che faresti?<\/div>\n<\/div>\n<div class=\"qa-a\">\n<div class=\"qa-answer\">\n<p><em>Cercherei di creare un programma di\u00a0<\/em><strong><em>collaborazione con i principali istituti alberghieri italiani<\/em><\/strong><em>. Qualcosa \u00e8 gi\u00e0 stato fatto, ma secondo me oggi sarebbe necessario fare un importante aggiornamento e rendere queste collaborazioni ancora pi\u00f9 attuali. Credo molto nel rapporto tra\u00a0<\/em><strong><em>scuola e mondo del lavoro<\/em><\/strong><em>. \u00c8 proprio a scuola che molti ragazzi iniziano a capire cosa vogliono fare. Portare pi\u00f9 professionisti nelle scuole e creare occasioni di confronto potrebbe aiutare i ragazzi a capire meglio cosa significa davvero lavorare nel mondo del bar. E allo stesso tempo anche noi professionisti avremmo molto da imparare dai giovani.<\/em><\/p>\n<\/div>\n<\/div>\n<\/div>\n<div class=\"qa a-up on\">\n<div class=\"qa-q\">\n<div class=\"qa-question\">Qual \u00e8 l&#8217;errore pi\u00f9 comune che vedi in chi comincia questa professione?<\/div>\n<\/div>\n<div class=\"qa-a\">\n<div class=\"qa-answer\">\n<p><em>Secondo me uno degli errori pi\u00f9 grandi \u00e8 non conoscere o non rispettare le\u00a0<\/em><strong><em>regole fondamentali dell&#8217;ospitalit\u00e0<\/em><\/strong><em>\u00a0e, soprattutto, sentirsi arrivati troppo presto. Prima ancora delle tecniche e delle preparazioni, bisogna imparare a prendersi cura del\u00a0<\/em><strong><em>cliente<\/em><\/strong><em>\u00a0e dei dettagli. Sono le piccole cose che fanno la differenza. E poi bisogna continuare a studiare e aggiornarsi. In questo lavoro non si arriva mai veramente alla fine: c&#8217;\u00e8 sempre qualcosa da imparare.<\/em><\/p>\n<h4><a href=\"https:\/\/www.italiaatavola.net\/horeca\/2026\/9\/5\/a-23-anni-gli-affidano-il-bancone-la-crescita-del-barman-christian-pomponio\/121094\/\"><strong>continua l&#8217;articolo su italiaatavola.net<\/strong><\/a><\/h4>\n<\/div>\n<\/div>\n<\/div>\n<\/div>\n","protected":false},"excerpt":{"rendered":"<p>A 23 anni Christian Pomponio ha gi\u00e0 trovato nel bar il suo spazio: dalla scuola alle prime esperienze, fino al New Orsa Maggiore, racconta crescita, responsabilit\u00e0 e il cocktail che&#8230;<\/p>\n","protected":false},"author":2,"featured_media":9493,"comment_status":"closed","ping_status":"open","sticky":false,"template":"","format":"standard","meta":{"_acf_changed":false,"footnotes":""},"categories":[777,39,42,5,48],"tags":[50,570,51,52,54,780,56,57,44,74,60],"class_list":["post-9490","post","type-post","status-publish","format-standard","has-post-thumbnail","hentry","category-concorsi","category-eventi","category-gallerie","category-lifestyle","category-rassegna-stampa","tag-a-b-i-professional","tag-abruzzo","tag-associazione-barman-italiana","tag-associazione-barmen-italiana","tag-bernardo-ferro","tag-christian-pomponio","tag-cocktail","tag-colombo-fiorenzo","tag-comitato-esecutivo","tag-italiaatavola","tag-scuola-barman"],"acf":{"post_carousel_cover":""},"yoast_head":"<!-- This site is optimized with the Yoast SEO plugin v27.7 - https:\/\/yoast.com\/product\/yoast-seo-wordpress\/ -->\n<title>A 23 anni gli affidano il bancone: la crescita del barman Christian Pomponio - A.B.I. Professional - Associazione Barmen Italiani<\/title>\n<meta name=\"robots\" content=\"index, follow, max-snippet:-1, max-image-preview:large, max-video-preview:-1\" \/>\n<link rel=\"canonical\" href=\"https:\/\/www.abiprofessional.it\/index.php\/2026\/09\/05\/a-23-anni-gli-affidano-il-bancone-la-crescita-del-barman-christian-pomponio\/\" \/>\n<meta property=\"og:locale\" content=\"it_IT\" \/>\n<meta property=\"og:type\" content=\"article\" \/>\n<meta property=\"og:title\" content=\"A 23 anni gli affidano il bancone: la crescita del barman Christian Pomponio - A.B.I. Professional - Associazione Barmen Italiani\" \/>\n<meta property=\"og:description\" content=\"A 23 anni Christian Pomponio ha gi\u00e0 trovato nel bar il suo spazio: dalla scuola alle prime esperienze, fino al New Orsa Maggiore, racconta crescita, responsabilit\u00e0 e il cocktail che...\" \/>\n<meta property=\"og:url\" content=\"https:\/\/www.abiprofessional.it\/index.php\/2026\/09\/05\/a-23-anni-gli-affidano-il-bancone-la-crescita-del-barman-christian-pomponio\/\" \/>\n<meta property=\"og:site_name\" content=\"A.B.I. Professional - Associazione Barmen Italiani\" \/>\n<meta property=\"article:publisher\" content=\"https:\/\/www.facebook.com\/A.B.I.Professional\" \/>\n<meta property=\"article:author\" content=\"https:\/\/www.facebook.com\/A.B.I.Professional\/?ref=your_pages\" \/>\n<meta property=\"article:published_time\" content=\"2026-09-05T10:35:37+00:00\" \/>\n<meta property=\"article:modified_time\" content=\"2026-09-05T10:35:40+00:00\" \/>\n<meta property=\"og:image\" content=\"https:\/\/www.abiprofessional.it\/wp-content\/uploads\/2026\/09\/christian-pomponio_1.png\" \/>\n\t<meta property=\"og:image:width\" content=\"991\" \/>\n\t<meta property=\"og:image:height\" content=\"1420\" \/>\n\t<meta property=\"og:image:type\" content=\"image\/png\" \/>\n<meta name=\"author\" content=\"Ufficio Stampa\" \/>\n<meta name=\"twitter:card\" content=\"summary_large_image\" \/>\n<meta name=\"twitter:creator\" content=\"@abiprofessional\" \/>\n<meta name=\"twitter:site\" content=\"@abiprofessional\" \/>\n<meta name=\"twitter:label1\" content=\"Scritto da\" \/>\n\t<meta name=\"twitter:data1\" content=\"Ufficio Stampa\" \/>\n\t<meta name=\"twitter:label2\" content=\"Tempo di lettura stimato\" \/>\n\t<meta name=\"twitter:data2\" content=\"5 minuti\" \/>\n<script type=\"application\/ld+json\" class=\"yoast-schema-graph\">{\"@context\":\"https:\\\/\\\/schema.org\",\"@graph\":[{\"@type\":\"Article\",\"@id\":\"https:\\\/\\\/www.abiprofessional.it\\\/index.php\\\/2026\\\/09\\\/05\\\/a-23-anni-gli-affidano-il-bancone-la-crescita-del-barman-christian-pomponio\\\/#article\",\"isPartOf\":{\"@id\":\"https:\\\/\\\/www.abiprofessional.it\\\/index.php\\\/2026\\\/09\\\/05\\\/a-23-anni-gli-affidano-il-bancone-la-crescita-del-barman-christian-pomponio\\\/\"},\"author\":{\"name\":\"Ufficio Stampa\",\"@id\":\"https:\\\/\\\/www.abiprofessional.it\\\/#\\\/schema\\\/person\\\/2cbf1d0d4615295435262d3f471df0dc\"},\"headline\":\"A 23 anni gli affidano il bancone: la crescita del barman Christian Pomponio\",\"datePublished\":\"2026-09-05T10:35:37+00:00\",\"dateModified\":\"2026-09-05T10:35:40+00:00\",\"mainEntityOfPage\":{\"@id\":\"https:\\\/\\\/www.abiprofessional.it\\\/index.php\\\/2026\\\/09\\\/05\\\/a-23-anni-gli-affidano-il-bancone-la-crescita-del-barman-christian-pomponio\\\/\"},\"wordCount\":808,\"publisher\":{\"@id\":\"https:\\\/\\\/www.abiprofessional.it\\\/#organization\"},\"image\":{\"@id\":\"https:\\\/\\\/www.abiprofessional.it\\\/index.php\\\/2026\\\/09\\\/05\\\/a-23-anni-gli-affidano-il-bancone-la-crescita-del-barman-christian-pomponio\\\/#primaryimage\"},\"thumbnailUrl\":\"https:\\\/\\\/www.abiprofessional.it\\\/wp-content\\\/uploads\\\/2026\\\/09\\\/christian-pomponio_1.png\",\"keywords\":[\"A.B.I. Professional\",\"Abruzzo\",\"associazione barman italiana\",\"Associazione Barmen Italiana\",\"BERNARDO FERRO\",\"christian pomponio\",\"cocktail\",\"colombo Fiorenzo\",\"comitato esecutivo\",\"Italiaatavola\",\"scuola barman\"],\"articleSection\":[\"CONCORSI\",\"Eventi\",\"Gallerie\",\"Lifestyle\",\"Rassegna stampa\"],\"inLanguage\":\"it-IT\"},{\"@type\":\"WebPage\",\"@id\":\"https:\\\/\\\/www.abiprofessional.it\\\/index.php\\\/2026\\\/09\\\/05\\\/a-23-anni-gli-affidano-il-bancone-la-crescita-del-barman-christian-pomponio\\\/\",\"url\":\"https:\\\/\\\/www.abiprofessional.it\\\/index.php\\\/2026\\\/09\\\/05\\\/a-23-anni-gli-affidano-il-bancone-la-crescita-del-barman-christian-pomponio\\\/\",\"name\":\"A 23 anni gli affidano il bancone: la crescita del barman Christian Pomponio - A.B.I. Professional - Associazione Barmen Italiani\",\"isPartOf\":{\"@id\":\"https:\\\/\\\/www.abiprofessional.it\\\/#website\"},\"primaryImageOfPage\":{\"@id\":\"https:\\\/\\\/www.abiprofessional.it\\\/index.php\\\/2026\\\/09\\\/05\\\/a-23-anni-gli-affidano-il-bancone-la-crescita-del-barman-christian-pomponio\\\/#primaryimage\"},\"image\":{\"@id\":\"https:\\\/\\\/www.abiprofessional.it\\\/index.php\\\/2026\\\/09\\\/05\\\/a-23-anni-gli-affidano-il-bancone-la-crescita-del-barman-christian-pomponio\\\/#primaryimage\"},\"thumbnailUrl\":\"https:\\\/\\\/www.abiprofessional.it\\\/wp-content\\\/uploads\\\/2026\\\/09\\\/christian-pomponio_1.png\",\"datePublished\":\"2026-09-05T10:35:37+00:00\",\"dateModified\":\"2026-09-05T10:35:40+00:00\",\"breadcrumb\":{\"@id\":\"https:\\\/\\\/www.abiprofessional.it\\\/index.php\\\/2026\\\/09\\\/05\\\/a-23-anni-gli-affidano-il-bancone-la-crescita-del-barman-christian-pomponio\\\/#breadcrumb\"},\"inLanguage\":\"it-IT\",\"potentialAction\":[{\"@type\":\"ReadAction\",\"target\":[\"https:\\\/\\\/www.abiprofessional.it\\\/index.php\\\/2026\\\/09\\\/05\\\/a-23-anni-gli-affidano-il-bancone-la-crescita-del-barman-christian-pomponio\\\/\"]}]},{\"@type\":\"ImageObject\",\"inLanguage\":\"it-IT\",\"@id\":\"https:\\\/\\\/www.abiprofessional.it\\\/index.php\\\/2026\\\/09\\\/05\\\/a-23-anni-gli-affidano-il-bancone-la-crescita-del-barman-christian-pomponio\\\/#primaryimage\",\"url\":\"https:\\\/\\\/www.abiprofessional.it\\\/wp-content\\\/uploads\\\/2026\\\/09\\\/christian-pomponio_1.png\",\"contentUrl\":\"https:\\\/\\\/www.abiprofessional.it\\\/wp-content\\\/uploads\\\/2026\\\/09\\\/christian-pomponio_1.png\",\"width\":991,\"height\":1420},{\"@type\":\"BreadcrumbList\",\"@id\":\"https:\\\/\\\/www.abiprofessional.it\\\/index.php\\\/2026\\\/09\\\/05\\\/a-23-anni-gli-affidano-il-bancone-la-crescita-del-barman-christian-pomponio\\\/#breadcrumb\",\"itemListElement\":[{\"@type\":\"ListItem\",\"position\":1,\"name\":\"Home\",\"item\":\"https:\\\/\\\/www.abiprofessional.it\\\/\"},{\"@type\":\"ListItem\",\"position\":2,\"name\":\"A 23 anni gli affidano il bancone: la crescita del barman Christian Pomponio\"}]},{\"@type\":\"WebSite\",\"@id\":\"https:\\\/\\\/www.abiprofessional.it\\\/#website\",\"url\":\"https:\\\/\\\/www.abiprofessional.it\\\/\",\"name\":\"A.B.I. Professional - Associazione Barmen Italiani\",\"description\":\"Associazione Barmen Italiani - Professionisti del bartending\",\"publisher\":{\"@id\":\"https:\\\/\\\/www.abiprofessional.it\\\/#organization\"},\"alternateName\":\"ABI Professional\",\"potentialAction\":[{\"@type\":\"SearchAction\",\"target\":{\"@type\":\"EntryPoint\",\"urlTemplate\":\"https:\\\/\\\/www.abiprofessional.it\\\/?s={search_term_string}\"},\"query-input\":{\"@type\":\"PropertyValueSpecification\",\"valueRequired\":true,\"valueName\":\"search_term_string\"}}],\"inLanguage\":\"it-IT\"},{\"@type\":\"Organization\",\"@id\":\"https:\\\/\\\/www.abiprofessional.it\\\/#organization\",\"name\":\"A.B.I. Professional - Associazione Barmen Italiani\",\"url\":\"https:\\\/\\\/www.abiprofessional.it\\\/\",\"logo\":{\"@type\":\"ImageObject\",\"inLanguage\":\"it-IT\",\"@id\":\"https:\\\/\\\/www.abiprofessional.it\\\/#\\\/schema\\\/logo\\\/image\\\/\",\"url\":\"https:\\\/\\\/www.abiprofessional.it\\\/wp-content\\\/uploads\\\/2025\\\/07\\\/abi_professional_logo.png\",\"contentUrl\":\"https:\\\/\\\/www.abiprofessional.it\\\/wp-content\\\/uploads\\\/2025\\\/07\\\/abi_professional_logo.png\",\"width\":455,\"height\":540,\"caption\":\"A.B.I. Professional - Associazione Barmen Italiani\"},\"image\":{\"@id\":\"https:\\\/\\\/www.abiprofessional.it\\\/#\\\/schema\\\/logo\\\/image\\\/\"},\"sameAs\":[\"https:\\\/\\\/www.facebook.com\\\/A.B.I.Professional\",\"https:\\\/\\\/x.com\\\/abiprofessional\",\"https:\\\/\\\/www.linkedin.com\\\/in\\\/abi-professional-9201a8b3\\\/\",\"https:\\\/\\\/www.youtube.com\\\/channel\\\/UC2es0RiCRBVNTtG52_cL9aQ\"]},{\"@type\":\"Person\",\"@id\":\"https:\\\/\\\/www.abiprofessional.it\\\/#\\\/schema\\\/person\\\/2cbf1d0d4615295435262d3f471df0dc\",\"name\":\"Ufficio Stampa\",\"image\":{\"@type\":\"ImageObject\",\"inLanguage\":\"it-IT\",\"@id\":\"https:\\\/\\\/secure.gravatar.com\\\/avatar\\\/94fa7b9a39f997b7827d4e6a92c0ab51d5b1341beb1c251e8eb8326c123a34bc?s=96&r=g\",\"url\":\"https:\\\/\\\/secure.gravatar.com\\\/avatar\\\/94fa7b9a39f997b7827d4e6a92c0ab51d5b1341beb1c251e8eb8326c123a34bc?s=96&r=g\",\"contentUrl\":\"https:\\\/\\\/secure.gravatar.com\\\/avatar\\\/94fa7b9a39f997b7827d4e6a92c0ab51d5b1341beb1c251e8eb8326c123a34bc?s=96&r=g\",\"caption\":\"Ufficio Stampa\"},\"sameAs\":[\"https:\\\/\\\/www.facebook.com\\\/A.B.I.Professional\\\/?ref=your_pages\",\"https:\\\/\\\/www.instagram.com\\\/abi_prof\\\/\"],\"url\":\"https:\\\/\\\/www.abiprofessional.it\\\/index.php\\\/author\\\/ufficiostampa\\\/\"}]}<\/script>\n<!-- \/ Yoast SEO plugin. -->","yoast_head_json":{"title":"A 23 anni gli affidano il bancone: la crescita del barman Christian Pomponio - A.B.I. Professional - Associazione Barmen Italiani","robots":{"index":"index","follow":"follow","max-snippet":"max-snippet:-1","max-image-preview":"max-image-preview:large","max-video-preview":"max-video-preview:-1"},"canonical":"https:\/\/www.abiprofessional.it\/index.php\/2026\/09\/05\/a-23-anni-gli-affidano-il-bancone-la-crescita-del-barman-christian-pomponio\/","og_locale":"it_IT","og_type":"article","og_title":"A 23 anni gli affidano il bancone: la crescita del barman Christian Pomponio - A.B.I. Professional - Associazione Barmen Italiani","og_description":"A 23 anni Christian Pomponio ha gi\u00e0 trovato nel bar il suo spazio: dalla scuola alle prime esperienze, fino al New Orsa Maggiore, racconta crescita, responsabilit\u00e0 e il cocktail che...","og_url":"https:\/\/www.abiprofessional.it\/index.php\/2026\/09\/05\/a-23-anni-gli-affidano-il-bancone-la-crescita-del-barman-christian-pomponio\/","og_site_name":"A.B.I. Professional - Associazione Barmen Italiani","article_publisher":"https:\/\/www.facebook.com\/A.B.I.Professional","article_author":"https:\/\/www.facebook.com\/A.B.I.Professional\/?ref=your_pages","article_published_time":"2026-09-05T10:35:37+00:00","article_modified_time":"2026-09-05T10:35:40+00:00","og_image":[{"width":991,"height":1420,"url":"https:\/\/www.abiprofessional.it\/wp-content\/uploads\/2026\/09\/christian-pomponio_1.png","type":"image\/png"}],"author":"Ufficio Stampa","twitter_card":"summary_large_image","twitter_creator":"@abiprofessional","twitter_site":"@abiprofessional","twitter_misc":{"Scritto da":"Ufficio Stampa","Tempo di lettura stimato":"5 minuti"},"schema":{"@context":"https:\/\/schema.org","@graph":[{"@type":"Article","@id":"https:\/\/www.abiprofessional.it\/index.php\/2026\/09\/05\/a-23-anni-gli-affidano-il-bancone-la-crescita-del-barman-christian-pomponio\/#article","isPartOf":{"@id":"https:\/\/www.abiprofessional.it\/index.php\/2026\/09\/05\/a-23-anni-gli-affidano-il-bancone-la-crescita-del-barman-christian-pomponio\/"},"author":{"name":"Ufficio Stampa","@id":"https:\/\/www.abiprofessional.it\/#\/schema\/person\/2cbf1d0d4615295435262d3f471df0dc"},"headline":"A 23 anni gli affidano il bancone: la crescita del barman Christian Pomponio","datePublished":"2026-09-05T10:35:37+00:00","dateModified":"2026-09-05T10:35:40+00:00","mainEntityOfPage":{"@id":"https:\/\/www.abiprofessional.it\/index.php\/2026\/09\/05\/a-23-anni-gli-affidano-il-bancone-la-crescita-del-barman-christian-pomponio\/"},"wordCount":808,"publisher":{"@id":"https:\/\/www.abiprofessional.it\/#organization"},"image":{"@id":"https:\/\/www.abiprofessional.it\/index.php\/2026\/09\/05\/a-23-anni-gli-affidano-il-bancone-la-crescita-del-barman-christian-pomponio\/#primaryimage"},"thumbnailUrl":"https:\/\/www.abiprofessional.it\/wp-content\/uploads\/2026\/09\/christian-pomponio_1.png","keywords":["A.B.I. Professional","Abruzzo","associazione barman italiana","Associazione Barmen Italiana","BERNARDO FERRO","christian pomponio","cocktail","colombo Fiorenzo","comitato esecutivo","Italiaatavola","scuola barman"],"articleSection":["CONCORSI","Eventi","Gallerie","Lifestyle","Rassegna stampa"],"inLanguage":"it-IT"},{"@type":"WebPage","@id":"https:\/\/www.abiprofessional.it\/index.php\/2026\/09\/05\/a-23-anni-gli-affidano-il-bancone-la-crescita-del-barman-christian-pomponio\/","url":"https:\/\/www.abiprofessional.it\/index.php\/2026\/09\/05\/a-23-anni-gli-affidano-il-bancone-la-crescita-del-barman-christian-pomponio\/","name":"A 23 anni gli affidano il bancone: la crescita del barman Christian Pomponio - A.B.I. Professional - Associazione Barmen Italiani","isPartOf":{"@id":"https:\/\/www.abiprofessional.it\/#website"},"primaryImageOfPage":{"@id":"https:\/\/www.abiprofessional.it\/index.php\/2026\/09\/05\/a-23-anni-gli-affidano-il-bancone-la-crescita-del-barman-christian-pomponio\/#primaryimage"},"image":{"@id":"https:\/\/www.abiprofessional.it\/index.php\/2026\/09\/05\/a-23-anni-gli-affidano-il-bancone-la-crescita-del-barman-christian-pomponio\/#primaryimage"},"thumbnailUrl":"https:\/\/www.abiprofessional.it\/wp-content\/uploads\/2026\/09\/christian-pomponio_1.png","datePublished":"2026-09-05T10:35:37+00:00","dateModified":"2026-09-05T10:35:40+00:00","breadcrumb":{"@id":"https:\/\/www.abiprofessional.it\/index.php\/2026\/09\/05\/a-23-anni-gli-affidano-il-bancone-la-crescita-del-barman-christian-pomponio\/#breadcrumb"},"inLanguage":"it-IT","potentialAction":[{"@type":"ReadAction","target":["https:\/\/www.abiprofessional.it\/index.php\/2026\/09\/05\/a-23-anni-gli-affidano-il-bancone-la-crescita-del-barman-christian-pomponio\/"]}]},{"@type":"ImageObject","inLanguage":"it-IT","@id":"https:\/\/www.abiprofessional.it\/index.php\/2026\/09\/05\/a-23-anni-gli-affidano-il-bancone-la-crescita-del-barman-christian-pomponio\/#primaryimage","url":"https:\/\/www.abiprofessional.it\/wp-content\/uploads\/2026\/09\/christian-pomponio_1.png","contentUrl":"https:\/\/www.abiprofessional.it\/wp-content\/uploads\/2026\/09\/christian-pomponio_1.png","width":991,"height":1420},{"@type":"BreadcrumbList","@id":"https:\/\/www.abiprofessional.it\/index.php\/2026\/09\/05\/a-23-anni-gli-affidano-il-bancone-la-crescita-del-barman-christian-pomponio\/#breadcrumb","itemListElement":[{"@type":"ListItem","position":1,"name":"Home","item":"https:\/\/www.abiprofessional.it\/"},{"@type":"ListItem","position":2,"name":"A 23 anni gli affidano il bancone: la crescita del barman Christian Pomponio"}]},{"@type":"WebSite","@id":"https:\/\/www.abiprofessional.it\/#website","url":"https:\/\/www.abiprofessional.it\/","name":"A.B.I. Professional - Associazione Barmen Italiani","description":"Associazione Barmen Italiani - Professionisti del bartending","publisher":{"@id":"https:\/\/www.abiprofessional.it\/#organization"},"alternateName":"ABI Professional","potentialAction":[{"@type":"SearchAction","target":{"@type":"EntryPoint","urlTemplate":"https:\/\/www.abiprofessional.it\/?s={search_term_string}"},"query-input":{"@type":"PropertyValueSpecification","valueRequired":true,"valueName":"search_term_string"}}],"inLanguage":"it-IT"},{"@type":"Organization","@id":"https:\/\/www.abiprofessional.it\/#organization","name":"A.B.I. Professional - Associazione Barmen Italiani","url":"https:\/\/www.abiprofessional.it\/","logo":{"@type":"ImageObject","inLanguage":"it-IT","@id":"https:\/\/www.abiprofessional.it\/#\/schema\/logo\/image\/","url":"https:\/\/www.abiprofessional.it\/wp-content\/uploads\/2025\/07\/abi_professional_logo.png","contentUrl":"https:\/\/www.abiprofessional.it\/wp-content\/uploads\/2025\/07\/abi_professional_logo.png","width":455,"height":540,"caption":"A.B.I. Professional - Associazione Barmen Italiani"},"image":{"@id":"https:\/\/www.abiprofessional.it\/#\/schema\/logo\/image\/"},"sameAs":["https:\/\/www.facebook.com\/A.B.I.Professional","https:\/\/x.com\/abiprofessional","https:\/\/www.linkedin.com\/in\/abi-professional-9201a8b3\/","https:\/\/www.youtube.com\/channel\/UC2es0RiCRBVNTtG52_cL9aQ"]},{"@type":"Person","@id":"https:\/\/www.abiprofessional.it\/#\/schema\/person\/2cbf1d0d4615295435262d3f471df0dc","name":"Ufficio Stampa","image":{"@type":"ImageObject","inLanguage":"it-IT","@id":"https:\/\/secure.gravatar.com\/avatar\/94fa7b9a39f997b7827d4e6a92c0ab51d5b1341beb1c251e8eb8326c123a34bc?s=96&r=g","url":"https:\/\/secure.gravatar.com\/avatar\/94fa7b9a39f997b7827d4e6a92c0ab51d5b1341beb1c251e8eb8326c123a34bc?s=96&r=g","contentUrl":"https:\/\/secure.gravatar.com\/avatar\/94fa7b9a39f997b7827d4e6a92c0ab51d5b1341beb1c251e8eb8326c123a34bc?s=96&r=g","caption":"Ufficio Stampa"},"sameAs":["https:\/\/www.facebook.com\/A.B.I.Professional\/?ref=your_pages","https:\/\/www.instagram.com\/abi_prof\/"],"url":"https:\/\/www.abiprofessional.it\/index.php\/author\/ufficiostampa\/"}]}},"_links":{"self":[{"href":"https:\/\/www.abiprofessional.it\/index.php\/wp-json\/wp\/v2\/posts\/9490","targetHints":{"allow":["GET"]}}],"collection":[{"href":"https:\/\/www.abiprofessional.it\/index.php\/wp-json\/wp\/v2\/posts"}],"about":[{"href":"https:\/\/www.abiprofessional.it\/index.php\/wp-json\/wp\/v2\/types\/post"}],"author":[{"embeddable":true,"href":"https:\/\/www.abiprofessional.it\/index.php\/wp-json\/wp\/v2\/users\/2"}],"replies":[{"embeddable":true,"href":"https:\/\/www.abiprofessional.it\/index.php\/wp-json\/wp\/v2\/comments?post=9490"}],"version-history":[{"count":1,"href":"https:\/\/www.abiprofessional.it\/index.php\/wp-json\/wp\/v2\/posts\/9490\/revisions"}],"predecessor-version":[{"id":9495,"href":"https:\/\/www.abiprofessional.it\/index.php\/wp-json\/wp\/v2\/posts\/9490\/revisions\/9495"}],"wp:featuredmedia":[{"embeddable":true,"href":"https:\/\/www.abiprofessional.it\/index.php\/wp-json\/wp\/v2\/media\/9493"}],"wp:attachment":[{"href":"https:\/\/www.abiprofessional.it\/index.php\/wp-json\/wp\/v2\/media?parent=9490"}],"wp:term":[{"taxonomy":"category","embeddable":true,"href":"https:\/\/www.abiprofessional.it\/index.php\/wp-json\/wp\/v2\/categories?post=9490"},{"taxonomy":"post_tag","embeddable":true,"href":"https:\/\/www.abiprofessional.it\/index.php\/wp-json\/wp\/v2\/tags?post=9490"}],"curies":[{"name":"wp","href":"https:\/\/api.w.org\/{rel}","templated":true}]}}